{"id":58928,"date":"2026-03-04T15:32:33","date_gmt":"2026-03-04T18:32:33","guid":{"rendered":"https:\/\/www.cdegaulle.cl\/2026\/03\/arrivee-deleves-internationaux-au-lycee-charles-de-gaulle-dans-le-cadre-du-programme-adn-aefe\/"},"modified":"2026-03-04T15:32:33","modified_gmt":"2026-03-04T18:32:33","slug":"arrivee-deleves-internationaux-au-lycee-charles-de-gaulle-dans-le-cadre-du-programme-adn-aefe","status":"publish","type":"post","link":"https:\/\/www.cdegaulle.cl\/fr\/2026\/03\/arrivee-deleves-internationaux-au-lycee-charles-de-gaulle-dans-le-cadre-du-programme-adn-aefe\/","title":{"rendered":"Arriv\u00e9e d&rsquo;\u00e9l\u00e8ves internationaux au Lyc\u00e9e Charles de Gaulle dans le cadre du programme ADN-AEFE"},"content":{"rendered":"<p><span style=\"color: #003366;\">Le programme ADN-AEFE, g\u00e9r\u00e9 par l&rsquo;Agence pour l&rsquo;enseignement fran\u00e7ais \u00e0 l&rsquo;\u00e9tranger (AEFE), permet aux \u00e9l\u00e8ves de Seconde d&rsquo;effectuer un \u00e9change acad\u00e9mique dans un autre \u00e9tablissement du r\u00e9seau des lyc\u00e9es fran\u00e7ais dans le monde.<\/span><\/p>\n<p><span style=\"color: #003366;\">Son objectif est d&rsquo;enrichir l&rsquo;apprentissage en offrant aux \u00e9l\u00e8ves la possibilit\u00e9 de suivre une partie de leur programme dans un centre agr\u00e9\u00e9 par l&rsquo;AEFE, assurant ainsi la continuit\u00e9 de leur parcours \u00e9ducatif. Cette exp\u00e9rience apporte une valeur ajout\u00e9e significative, tant en termes de renforcement des comp\u00e9tences linguistiques que d&rsquo;ouverture culturelle et de d\u00e9veloppement personnel.<\/span><\/p>\n<p><span style=\"color: #003366;\">Les \u00e9tudiants participants sont s\u00e9lectionn\u00e9s par leur \u00e9cole d&rsquo;origine, selon des crit\u00e8res qui tiennent compte de leurs r\u00e9sultats scolaires, de leur motivation et de leur capacit\u00e9 d&rsquo;adaptation. Pendant l&rsquo;\u00e9change, ils restent officiellement inscrits dans leur lyc\u00e9e d&rsquo;origine, sous l&rsquo;autorit\u00e9 et la responsabilit\u00e9 de leur recteur.<\/span><\/p>\n<p><span style=\"color: #003366;\"><strong>Notre exp\u00e9rience au Lyc\u00e9e Charles de Gaulle<\/strong><\/span><\/p>\n<p><span style=\"color: #003366;\">Dans ce contexte, le Lyc\u00e9e Charles de Gaulle de Concepci\u00f3n accueille cette ann\u00e9e Saul Berzosa, du Lyc\u00e9e Victor Hugo (Bulgarie), et Eloisa Varela, du Lyc\u00e9e Jules Supervielle (Uruguay). Tous deux ont \u00e9t\u00e9 chaleureusement accueillis par notre Proviseure, Emmanuelle Monticino, marquant ainsi le d\u00e9but d&rsquo;une exp\u00e9rience acad\u00e9mique et culturelle qui enrichira l&rsquo;ensemble de notre communaut\u00e9.<\/span><\/p>\n<p><span style=\"color: #003366;\">Deux de nos \u00e9l\u00e8ves se lanceront bient\u00f4t dans cette aventure internationale : Mar\u00eda Fernanda Jara Dur\u00e1n et I\u00f1igo Ramos Urrutia, motiv\u00e9s pour d\u00e9couvrir de nouvelles cultures et renforcer les liens qui nous unissent \u00e0 travers la langue fran\u00e7aise.<\/span><\/p>\n<p><span style=\"color: #003366;\">Le programme ADN-AEFE refl\u00e8te l&rsquo;esprit du r\u00e9seau : une \u00e9ducation qui transcende les fronti\u00e8res et forme des citoyens ouverts sur le monde, capables de jeter des ponts entre les cultures gr\u00e2ce \u00e0 une langue et des valeurs communes.<\/span><\/p>\n","protected":false},"excerpt":{"rendered":"<p>Le programme ADN-AEFE, g\u00e9r\u00e9 par l&rsquo;Agence pour l&rsquo;enseignement fran\u00e7ais \u00e0 l&rsquo;\u00e9tranger (AEFE), permet aux \u00e9l\u00e8ves de Seconde d&rsquo;effectuer un \u00e9change acad\u00e9mique dans un autre \u00e9tablissement du r\u00e9seau des lyc\u00e9es fran\u00e7ais dans le monde. Son objectif est d&rsquo;enrichir l&rsquo;apprentissage en offrant aux \u00e9l\u00e8ves la possibilit\u00e9 de suivre une partie de leur programme dans un centre agr\u00e9\u00e9&#8230;<\/p>\n","protected":false},"author":6,"featured_media":58802,"comment_status":"closed","ping_status":"open","sticky":false,"template":"","format":"standard","meta":{"_acf_changed":false,"_joinchat":[],"footnotes":""},"categories":[217,223,302],"tags":[],"class_list":["post-58928","post","type-post","status-publish","format-standard","has-post-thumbnail","hentry","category-banniere-principale","category-nouvelles","category-nouvelles-du-secondaire-fr"],"acf":[],"_links":{"self":[{"href":"https:\/\/www.cdegaulle.cl\/fr\/wp-json\/wp\/v2\/posts\/58928","targetHints":{"allow":["GET"]}}],"collection":[{"href":"https:\/\/www.cdegaulle.cl\/fr\/wp-json\/wp\/v2\/posts"}],"about":[{"href":"https:\/\/www.cdegaulle.cl\/fr\/wp-json\/wp\/v2\/types\/post"}],"author":[{"embeddable":true,"href":"https:\/\/www.cdegaulle.cl\/fr\/wp-json\/wp\/v2\/users\/6"}],"replies":[{"embeddable":true,"href":"https:\/\/www.cdegaulle.cl\/fr\/wp-json\/wp\/v2\/comments?post=58928"}],"version-history":[{"count":0,"href":"https:\/\/www.cdegaulle.cl\/fr\/wp-json\/wp\/v2\/posts\/58928\/revisions"}],"wp:featuredmedia":[{"embeddable":true,"href":"https:\/\/www.cdegaulle.cl\/fr\/wp-json\/wp\/v2\/media\/58802"}],"wp:attachment":[{"href":"https:\/\/www.cdegaulle.cl\/fr\/wp-json\/wp\/v2\/media?parent=58928"}],"wp:term":[{"taxonomy":"category","embeddable":true,"href":"https:\/\/www.cdegaulle.cl\/fr\/wp-json\/wp\/v2\/categories?post=58928"},{"taxonomy":"post_tag","embeddable":true,"href":"https:\/\/www.cdegaulle.cl\/fr\/wp-json\/wp\/v2\/tags?post=58928"}],"curies":[{"name":"wp","href":"https:\/\/api.w.org\/{rel}","templated":true}]}}