{"id":58953,"date":"2026-03-13T11:34:01","date_gmt":"2026-03-13T14:34:01","guid":{"rendered":"https:\/\/www.cdegaulle.cl\/2026\/03\/visite-officielle-de-la-france-le-depute-benoit-larrouquis-visite-notre-etablissement\/"},"modified":"2026-03-13T11:34:01","modified_gmt":"2026-03-13T14:34:01","slug":"visite-officielle-de-la-france-le-depute-benoit-larrouquis-visite-notre-etablissement","status":"publish","type":"post","link":"https:\/\/www.cdegaulle.cl\/fr\/2026\/03\/visite-officielle-de-la-france-le-depute-benoit-larrouquis-visite-notre-etablissement\/","title":{"rendered":"Visite officielle de la France : le d\u00e9put\u00e9 Beno\u00eet Larrouquis visite notre \u00e9tablissement"},"content":{"rendered":"<p data-start=\"97\" data-end=\"290\"><span style=\"color: #003366;\">Cette semaine, nous avons eu l&rsquo;honneur d&rsquo;accueillir dans notre \u00e9tablissement <strong data-start=\"166\" data-end=\"207\"><span class=\"hover:entity-accent entity-underline inline cursor-pointer align-baseline\"><span class=\"whitespace-normal\">Beno\u00eet Larrouquis<\/span><\/span><\/strong>d\u00e9put\u00e9 repr\u00e9sentant les r\u00e9sidents fran\u00e7ais en Am\u00e9rique latine et dans les Cara\u00efbes.<\/span><\/p>\n<p data-start=\"292\" data-end=\"586\"><span style=\"color: #003366;\">Au cours de sa visite, le d\u00e9put\u00e9 a fait le tour de nos installations en compagnie du directeur g\u00e9n\u00e9ral de la Commission europ\u00e9enne.  <strong data-start=\"389\" data-end=\"419\">Proviseure, Mme Monticino <\/strong>Le <strong data-start=\"424\" data-end=\"462\">directeur de l&rsquo;enseignement primaire de l&rsquo;<\/strong>\u00e9cole <strong data-start=\"424\" data-end=\"462\">, M. Del Jesus<\/strong>, le <strong data-start=\"467\" data-end=\"540\">directeur de la Soci\u00e9t\u00e9 \u00e9ducative fran\u00e7aise de Concepci\u00f3n, Marco D\u00edaz<\/strong>, et les membres du conseil d&rsquo;administration de l&rsquo;institution.<\/span><\/p>\n<p data-start=\"588\" data-end=\"818\"><span style=\"color: #003366;\">Tout au long de la journ\u00e9e, l&rsquo;adjointe a pu visiter diff\u00e9rents espaces de l&rsquo;\u00e9cole, dont le nouveau b\u00e2timent <strong data-start=\"700\" data-end=\"713\">\u00ab\u00a080 ans\u00a0\u00bb,<\/strong> une infrastructure r\u00e9cente qui s&rsquo;inscrit dans le cadre du d\u00e9veloppement et de la modernisation de notre \u00e9tablissement.<\/span><\/p>\n<p data-start=\"820\" data-end=\"1076\"><span style=\"color: #003366;\">Il a \u00e9galement visit\u00e9 le b\u00e2timent de <strong data-start=\"852\" data-end=\"866\">la Maternelle<\/strong>, o\u00f9 il a pu d\u00e9couvrir les espaces sp\u00e9cialement con\u00e7us pour les plus jeunes \u00e9l\u00e8ves, mettant en valeur les environnements p\u00e9dagogiques et l&rsquo;environnement con\u00e7u pour favoriser l&rsquo;apprentissage et le bien-\u00eatre des enfants.<\/span><\/p>\n<p data-start=\"1078\" data-end=\"1507\"><span style=\"color: #003366;\">L&rsquo;un des moments les plus marquants de la visite a \u00e9t\u00e9 lorsque le d\u00e9put\u00e9 a rencontr\u00e9 nos \u00e9tudiants en plein milieu du <strong data-start=\"1214\" data-end=\"1263\">processus de vote pour \u00e9lire les d\u00e9l\u00e9gu\u00e9s de leur cours<\/strong>. Profitant de cette co\u00efncidence, il a partag\u00e9 avec eux quelques exemples du fonctionnement des \u00e9lections parlementaires et du vote en France, ce qui a donn\u00e9 lieu \u00e0 un \u00e9change int\u00e9ressant sur la participation et la repr\u00e9sentation d\u00e9mocratiques. <\/span><\/p>\n<p data-start=\"1509\" data-end=\"1753\" data-is-last-node=\"\" data-is-only-node=\"\"><span style=\"color: #003366;\">Cette visite a renforc\u00e9 les liens entre notre communaut\u00e9 \u00e9ducative et les institutions fran\u00e7aises, r\u00e9affirmant l&rsquo;engagement de l&rsquo;\u00e9cole en faveur des valeurs civiques, de la participation et de la formation \u00e0 la citoyennet\u00e9 de nos \u00e9l\u00e8ves.<\/span><\/p>\n<div class=\"w-gallery fit_cover wp_gallery type_grid action_popup_image ratio_1x1 count_9\" style=\"--columns:2;--items-gap:0px;\"><div class=\"w-gallery-list\"><div class=\"w-gallery-item\"><div class=\"w-gallery-item-img\"><img loading=\"lazy\" decoding=\"async\" width=\"1500\" height=\"1000\" src=\"https:\/\/www.cdegaulle.cl\/wp-content\/uploads\/2026\/03\/9.jpg\" class=\"attachment-full size-full\" alt=\"\" srcset=\"https:\/\/www.cdegaulle.cl\/wp-content\/uploads\/2026\/03\/9.jpg 1500w, https:\/\/www.cdegaulle.cl\/wp-content\/uploads\/2026\/03\/9-300x200.jpg 300w, https:\/\/www.cdegaulle.cl\/wp-content\/uploads\/2026\/03\/9-1024x683.jpg 1024w\" sizes=\"auto, (max-width: 1500px) 100vw, 1500px\" \/><\/div><a class=\"w-gallery-item-link\" aria-label=\"9\" href=\"https:\/\/www.cdegaulle.cl\/wp-content\/uploads\/2026\/03\/9.jpg\" title=\"9\"><\/a><\/div><div class=\"w-gallery-item\"><div class=\"w-gallery-item-img\"><img loading=\"lazy\" decoding=\"async\" width=\"1500\" height=\"1000\" src=\"https:\/\/www.cdegaulle.cl\/wp-content\/uploads\/2026\/03\/1.jpg\" class=\"attachment-full size-full\" alt=\"\" srcset=\"https:\/\/www.cdegaulle.cl\/wp-content\/uploads\/2026\/03\/1.jpg 1500w, https:\/\/www.cdegaulle.cl\/wp-content\/uploads\/2026\/03\/1-300x200.jpg 300w, https:\/\/www.cdegaulle.cl\/wp-content\/uploads\/2026\/03\/1-1024x683.jpg 1024w\" sizes=\"auto, (max-width: 1500px) 100vw, 1500px\" \/><\/div><a class=\"w-gallery-item-link\" aria-label=\"1\" href=\"https:\/\/www.cdegaulle.cl\/wp-content\/uploads\/2026\/03\/1.jpg\" title=\"1\"><\/a><\/div><div class=\"w-gallery-item\"><div class=\"w-gallery-item-img\"><img loading=\"lazy\" decoding=\"async\" width=\"1500\" height=\"1000\" src=\"https:\/\/www.cdegaulle.cl\/wp-content\/uploads\/2026\/03\/2.jpg\" class=\"attachment-full size-full\" alt=\"\" srcset=\"https:\/\/www.cdegaulle.cl\/wp-content\/uploads\/2026\/03\/2.jpg 1500w, https:\/\/www.cdegaulle.cl\/wp-content\/uploads\/2026\/03\/2-300x200.jpg 300w, https:\/\/www.cdegaulle.cl\/wp-content\/uploads\/2026\/03\/2-1024x683.jpg 1024w\" sizes=\"auto, (max-width: 1500px) 100vw, 1500px\" \/><\/div><a class=\"w-gallery-item-link\" aria-label=\"2\" href=\"https:\/\/www.cdegaulle.cl\/wp-content\/uploads\/2026\/03\/2.jpg\" title=\"2\"><\/a><\/div><div class=\"w-gallery-item\"><div class=\"w-gallery-item-img\"><img loading=\"lazy\" decoding=\"async\" width=\"1500\" height=\"1000\" src=\"https:\/\/www.cdegaulle.cl\/wp-content\/uploads\/2026\/03\/3.jpg\" class=\"attachment-full size-full\" alt=\"\" srcset=\"https:\/\/www.cdegaulle.cl\/wp-content\/uploads\/2026\/03\/3.jpg 1500w, https:\/\/www.cdegaulle.cl\/wp-content\/uploads\/2026\/03\/3-300x200.jpg 300w, https:\/\/www.cdegaulle.cl\/wp-content\/uploads\/2026\/03\/3-1024x683.jpg 1024w\" sizes=\"auto, (max-width: 1500px) 100vw, 1500px\" \/><\/div><a class=\"w-gallery-item-link\" aria-label=\"3\" href=\"https:\/\/www.cdegaulle.cl\/wp-content\/uploads\/2026\/03\/3.jpg\" title=\"3\"><\/a><\/div><div class=\"w-gallery-item\"><div class=\"w-gallery-item-img\"><img loading=\"lazy\" decoding=\"async\" width=\"1500\" height=\"1000\" src=\"https:\/\/www.cdegaulle.cl\/wp-content\/uploads\/2026\/03\/4.jpg\" class=\"attachment-full size-full\" alt=\"\" srcset=\"https:\/\/www.cdegaulle.cl\/wp-content\/uploads\/2026\/03\/4.jpg 1500w, https:\/\/www.cdegaulle.cl\/wp-content\/uploads\/2026\/03\/4-300x200.jpg 300w, https:\/\/www.cdegaulle.cl\/wp-content\/uploads\/2026\/03\/4-1024x683.jpg 1024w\" sizes=\"auto, (max-width: 1500px) 100vw, 1500px\" \/><\/div><a class=\"w-gallery-item-link\" aria-label=\"4\" href=\"https:\/\/www.cdegaulle.cl\/wp-content\/uploads\/2026\/03\/4.jpg\" title=\"4\"><\/a><\/div><div class=\"w-gallery-item\"><div class=\"w-gallery-item-img\"><img loading=\"lazy\" decoding=\"async\" width=\"1500\" height=\"1000\" src=\"https:\/\/www.cdegaulle.cl\/wp-content\/uploads\/2026\/03\/5.jpg\" class=\"attachment-full size-full\" alt=\"\" srcset=\"https:\/\/www.cdegaulle.cl\/wp-content\/uploads\/2026\/03\/5.jpg 1500w, https:\/\/www.cdegaulle.cl\/wp-content\/uploads\/2026\/03\/5-300x200.jpg 300w, https:\/\/www.cdegaulle.cl\/wp-content\/uploads\/2026\/03\/5-1024x683.jpg 1024w\" sizes=\"auto, (max-width: 1500px) 100vw, 1500px\" \/><\/div><a class=\"w-gallery-item-link\" aria-label=\"5\" href=\"https:\/\/www.cdegaulle.cl\/wp-content\/uploads\/2026\/03\/5.jpg\" title=\"5\"><\/a><\/div><div class=\"w-gallery-item\"><div class=\"w-gallery-item-img\"><img loading=\"lazy\" decoding=\"async\" width=\"1500\" height=\"1000\" src=\"https:\/\/www.cdegaulle.cl\/wp-content\/uploads\/2026\/03\/6.jpg\" class=\"attachment-full size-full\" alt=\"\" srcset=\"https:\/\/www.cdegaulle.cl\/wp-content\/uploads\/2026\/03\/6.jpg 1500w, https:\/\/www.cdegaulle.cl\/wp-content\/uploads\/2026\/03\/6-300x200.jpg 300w, https:\/\/www.cdegaulle.cl\/wp-content\/uploads\/2026\/03\/6-1024x683.jpg 1024w\" sizes=\"auto, (max-width: 1500px) 100vw, 1500px\" \/><\/div><a class=\"w-gallery-item-link\" aria-label=\"6\" href=\"https:\/\/www.cdegaulle.cl\/wp-content\/uploads\/2026\/03\/6.jpg\" title=\"6\"><\/a><\/div><div class=\"w-gallery-item\"><div class=\"w-gallery-item-img\"><img loading=\"lazy\" decoding=\"async\" width=\"1500\" height=\"1000\" src=\"https:\/\/www.cdegaulle.cl\/wp-content\/uploads\/2026\/03\/7.jpg\" class=\"attachment-full size-full\" alt=\"\" srcset=\"https:\/\/www.cdegaulle.cl\/wp-content\/uploads\/2026\/03\/7.jpg 1500w, https:\/\/www.cdegaulle.cl\/wp-content\/uploads\/2026\/03\/7-300x200.jpg 300w, https:\/\/www.cdegaulle.cl\/wp-content\/uploads\/2026\/03\/7-1024x683.jpg 1024w\" sizes=\"auto, (max-width: 1500px) 100vw, 1500px\" \/><\/div><a class=\"w-gallery-item-link\" aria-label=\"7\" href=\"https:\/\/www.cdegaulle.cl\/wp-content\/uploads\/2026\/03\/7.jpg\" title=\"7\"><\/a><\/div><div class=\"w-gallery-item\"><div class=\"w-gallery-item-img\"><img loading=\"lazy\" decoding=\"async\" width=\"1500\" height=\"1000\" src=\"https:\/\/www.cdegaulle.cl\/wp-content\/uploads\/2026\/03\/8.jpg\" class=\"attachment-full size-full\" alt=\"\" srcset=\"https:\/\/www.cdegaulle.cl\/wp-content\/uploads\/2026\/03\/8.jpg 1500w, https:\/\/www.cdegaulle.cl\/wp-content\/uploads\/2026\/03\/8-300x200.jpg 300w, https:\/\/www.cdegaulle.cl\/wp-content\/uploads\/2026\/03\/8-1024x683.jpg 1024w\" sizes=\"auto, (max-width: 1500px) 100vw, 1500px\" \/><\/div><a class=\"w-gallery-item-link\" aria-label=\"8\" href=\"https:\/\/www.cdegaulle.cl\/wp-content\/uploads\/2026\/03\/8.jpg\" title=\"8\"><\/a><\/div><\/div><\/div>\n","protected":false},"excerpt":{"rendered":"<p>Cette semaine, nous avons eu l&rsquo;honneur d&rsquo;accueillir dans notre \u00e9tablissement Beno\u00eet Larrouquisd\u00e9put\u00e9 repr\u00e9sentant les r\u00e9sidents fran\u00e7ais en Am\u00e9rique latine et dans les Cara\u00efbes. Au cours de sa visite, le d\u00e9put\u00e9 a fait le tour de nos installations en compagnie du directeur g\u00e9n\u00e9ral de la Commission europ\u00e9enne. Proviseure, Mme Monticino Le directeur de l&rsquo;enseignement primaire de&#8230;<\/p>\n","protected":false},"author":6,"featured_media":58933,"comment_status":"closed","ping_status":"open","sticky":false,"template":"","format":"standard","meta":{"_acf_changed":false,"_joinchat":[],"footnotes":""},"categories":[217,223,301,302],"tags":[],"class_list":["post-58953","post","type-post","status-publish","format-standard","has-post-thumbnail","hentry","category-banniere-principale","category-nouvelles","category-nouvelles-du-primaire","category-nouvelles-du-secondaire-fr"],"acf":[],"_links":{"self":[{"href":"https:\/\/www.cdegaulle.cl\/fr\/wp-json\/wp\/v2\/posts\/58953","targetHints":{"allow":["GET"]}}],"collection":[{"href":"https:\/\/www.cdegaulle.cl\/fr\/wp-json\/wp\/v2\/posts"}],"about":[{"href":"https:\/\/www.cdegaulle.cl\/fr\/wp-json\/wp\/v2\/types\/post"}],"author":[{"embeddable":true,"href":"https:\/\/www.cdegaulle.cl\/fr\/wp-json\/wp\/v2\/users\/6"}],"replies":[{"embeddable":true,"href":"https:\/\/www.cdegaulle.cl\/fr\/wp-json\/wp\/v2\/comments?post=58953"}],"version-history":[{"count":0,"href":"https:\/\/www.cdegaulle.cl\/fr\/wp-json\/wp\/v2\/posts\/58953\/revisions"}],"wp:featuredmedia":[{"embeddable":true,"href":"https:\/\/www.cdegaulle.cl\/fr\/wp-json\/wp\/v2\/media\/58933"}],"wp:attachment":[{"href":"https:\/\/www.cdegaulle.cl\/fr\/wp-json\/wp\/v2\/media?parent=58953"}],"wp:term":[{"taxonomy":"category","embeddable":true,"href":"https:\/\/www.cdegaulle.cl\/fr\/wp-json\/wp\/v2\/categories?post=58953"},{"taxonomy":"post_tag","embeddable":true,"href":"https:\/\/www.cdegaulle.cl\/fr\/wp-json\/wp\/v2\/tags?post=58953"}],"curies":[{"name":"wp","href":"https:\/\/api.w.org\/{rel}","templated":true}]}}